{"id":938,"date":"2020-05-09T08:06:18","date_gmt":"2020-05-09T08:06:18","guid":{"rendered":"https:\/\/www.friedenspsychologie.de\/?p=938"},"modified":"2020-05-09T11:12:43","modified_gmt":"2020-05-09T11:12:43","slug":"einladung-zur-virtuellen-mitgliederversammlung-des-ffp","status":"publish","type":"post","link":"https:\/\/www.friedenspsychologie.de\/?p=938","title":{"rendered":"Einladung zur virtuellen Mitgliederversammlung des FFP"},"content":{"rendered":"\n<p>Hiermit lade ich Sie und Euch herzlich zur ordentlichen, in diesem Jahr virtuell stattfindenden Mitgliederversammlung des Forums Friedenspsychologie e.V. ein, die am <strong>Sonntag, 14.06.2020, von 17:00 bis ca. 18:30 Uhr<\/strong> stattfindet. W\u00e4hrend der Versammlung wird auch der Gert-Sommer-Preis f\u00fcr Friedenspsychologie 2020 \u00fcberreicht. Auch Nichtmitglieder sind herzlich willkommen. <a rel=\"noreferrer noopener\" aria-label=\"Weitere Informationen zur Tagesordnung und Anmeldung finden Sie\/findet Ihr hier. (opens in a new tab)\" href=\"https:\/\/www.friedenspsychologie.de\/wp-content\/uploads\/2020\/05\/MV-Einladung2020.pdf\" target=\"_blank\">Weitere Informationen zur Tagesordnung und Anmeldung finden Sie\/findet Ihr hier.<\/a><\/p>\n","protected":false},"excerpt":{"rendered":"<p>Hiermit lade ich Sie und Euch herzlich zur ordentlichen, in diesem Jahr virtuell stattfindenden Mitgliederversammlung des Forums Friedenspsychologie e.V. ein, die am Sonntag, 14.06.2020, von&hellip;<\/p>\n","protected":false},"author":1,"featured_media":0,"comment_status":"open","ping_status":"open","sticky":false,"template":"","format":"standard","meta":[],"categories":[46,16,15,17],"tags":[40],"_links":{"self":[{"href":"https:\/\/www.friedenspsychologie.de\/index.php?rest_route=\/wp\/v2\/posts\/938"}],"collection":[{"href":"https:\/\/www.friedenspsychologie.de\/index.php?rest_route=\/wp\/v2\/posts"}],"about":[{"href":"https:\/\/www.friedenspsychologie.de\/index.php?rest_route=\/wp\/v2\/types\/post"}],"author":[{"embeddable":true,"href":"https:\/\/www.friedenspsychologie.de\/index.php?rest_route=\/wp\/v2\/users\/1"}],"replies":[{"embeddable":true,"href":"https:\/\/www.friedenspsychologie.de\/index.php?rest_route=%2Fwp%2Fv2%2Fcomments&post=938"}],"version-history":[{"count":3,"href":"https:\/\/www.friedenspsychologie.de\/index.php?rest_route=\/wp\/v2\/posts\/938\/revisions"}],"predecessor-version":[{"id":945,"href":"https:\/\/www.friedenspsychologie.de\/index.php?rest_route=\/wp\/v2\/posts\/938\/revisions\/945"}],"wp:attachment":[{"href":"https:\/\/www.friedenspsychologie.de\/index.php?rest_route=%2Fwp%2Fv2%2Fmedia&parent=938"}],"wp:term":[{"taxonomy":"category","embeddable":true,"href":"https:\/\/www.friedenspsychologie.de\/index.php?rest_route=%2Fwp%2Fv2%2Fcategories&post=938"},{"taxonomy":"post_tag","embeddable":true,"href":"https:\/\/www.friedenspsychologie.de\/index.php?rest_route=%2Fwp%2Fv2%2Ftags&post=938"}],"curies":[{"name":"wp","href":"https:\/\/api.w.org\/{rel}","templated":true}]}}