{"id":492,"date":"2018-05-04T13:43:41","date_gmt":"2018-05-04T13:43:41","guid":{"rendered":"http:\/\/www.friedenspsychologie.de\/?p=492"},"modified":"2018-05-04T13:44:23","modified_gmt":"2018-05-04T13:44:23","slug":"fachnetzwerk-sozialpsychologie-zu-flucht-und-integration","status":"publish","type":"post","link":"https:\/\/www.friedenspsychologie.de\/?p=492","title":{"rendered":"Fachnetzwerk Sozialpsychologie zu Flucht und Integration"},"content":{"rendered":"<p>Das Ziel des Netzwerks ist es, wissenschaftlich gewonnene Erkenntnisse in praktische Empfehlungen und Ratschl\u00e4ge f\u00fcr eine Integration von Gefl\u00fcchteten zu \u00fcbersetzen.<\/p>\n<p>Zun\u00e4chst wurden \u00fcber ein Projekt der Philipps-Universit\u00e4t Marburg Fragen von Praktiker*innen, die im Bereich Flucht und Integration t\u00e4tig sind, an wissenschaftlich t\u00e4tige Sozialpsycholog*innen gesammelt. Diese Fragen wurden anschlie\u00dfend von Forscher*innen in kurzen Texten adressiert. Das Ergebnis steht nun auf der Website <a href=\"http:\/\/www.fachnetzflucht.de\/beratung-anwendung\/\" target=\"_blank\" rel=\"noopener\">www.fachnetzflucht.de<\/a> einer breiten \u00d6ffentlichkeit zur Verf\u00fcgung.<\/p>\n","protected":false},"excerpt":{"rendered":"<p>Das Ziel des Netzwerks ist es, wissenschaftlich gewonnene Erkenntnisse in praktische Empfehlungen und Ratschl\u00e4ge f\u00fcr eine Integration von Gefl\u00fcchteten zu \u00fcbersetzen. Zun\u00e4chst wurden \u00fcber ein&hellip;<\/p>\n","protected":false},"author":1,"featured_media":0,"comment_status":"open","ping_status":"open","sticky":false,"template":"","format":"standard","meta":[],"categories":[1],"tags":[8,43,9],"_links":{"self":[{"href":"https:\/\/www.friedenspsychologie.de\/index.php?rest_route=\/wp\/v2\/posts\/492"}],"collection":[{"href":"https:\/\/www.friedenspsychologie.de\/index.php?rest_route=\/wp\/v2\/posts"}],"about":[{"href":"https:\/\/www.friedenspsychologie.de\/index.php?rest_route=\/wp\/v2\/types\/post"}],"author":[{"embeddable":true,"href":"https:\/\/www.friedenspsychologie.de\/index.php?rest_route=\/wp\/v2\/users\/1"}],"replies":[{"embeddable":true,"href":"https:\/\/www.friedenspsychologie.de\/index.php?rest_route=%2Fwp%2Fv2%2Fcomments&post=492"}],"version-history":[{"count":2,"href":"https:\/\/www.friedenspsychologie.de\/index.php?rest_route=\/wp\/v2\/posts\/492\/revisions"}],"predecessor-version":[{"id":495,"href":"https:\/\/www.friedenspsychologie.de\/index.php?rest_route=\/wp\/v2\/posts\/492\/revisions\/495"}],"wp:attachment":[{"href":"https:\/\/www.friedenspsychologie.de\/index.php?rest_route=%2Fwp%2Fv2%2Fmedia&parent=492"}],"wp:term":[{"taxonomy":"category","embeddable":true,"href":"https:\/\/www.friedenspsychologie.de\/index.php?rest_route=%2Fwp%2Fv2%2Fcategories&post=492"},{"taxonomy":"post_tag","embeddable":true,"href":"https:\/\/www.friedenspsychologie.de\/index.php?rest_route=%2Fwp%2Fv2%2Ftags&post=492"}],"curies":[{"name":"wp","href":"https:\/\/api.w.org\/{rel}","templated":true}]}}