{"id":238,"date":"2015-08-31T10:42:41","date_gmt":"2015-08-31T10:42:41","guid":{"rendered":"http:\/\/www.friedenspsychologie.de\/?p=238"},"modified":"2017-05-18T07:59:03","modified_gmt":"2017-05-18T07:59:03","slug":"hilfsprojekte-und-initiativen-fur-gefluchtete","status":"publish","type":"post","link":"https:\/\/www.friedenspsychologie.de\/?p=238","title":{"rendered":"Hilfsprojekte und Initiativen f\u00fcr Gefl\u00fcchtete"},"content":{"rendered":"<p><em>Seit 2012 steigen die Angriffe auf Asylbewerber*innen immer weiter an und <a href=\"http:\/\/www.tagesspiegel.de\/politik\/hass-auf-fluechtlinge-dreimal-mehr-angriffe-auf-asylbewerberheime\/11349336.html\">verdoppeln bis verdreifachen sich j\u00e4hrlich<\/a>. Rassistische Demonstrationen finden <a href=\"http:\/\/www.zeit.de\/politik\/deutschland\/2015-08\/gewalt-gegen-fluechtlinge-rassismus-deutschland-anschlaege-koerperverletzung\">beinahe w\u00f6chentlich <\/a>statt. Das mediale Bild ist zurzeit bestimmt von Gewalt und Hass gegen die, die unseren Schutz so dringend n\u00f6tig haben.<\/em><\/p>\n<p><em>Neben all den negativen Ereignissen gibt es aber eine Vielzahl von Menschen, die sich solidarisch zeigen und f\u00fcr Gefl\u00fcchtete engagieren. Das Engagement kann dabei von Geld- oder Sachspenden \u00fcber Deutschunterricht bis zum Aufbau von WLAN-Netzwerken reichen. Wir haben hier eine Auswahl von Initiativen zusammengestellt, um die Suche nach der passenden Initiative zu erleichtern.<\/em><\/p>\n<hr \/>\n<p><strong>International agierende Initiativen<\/strong><\/p>\n<p><strong><em>SeaWatch<\/em><\/strong><\/p>\n<p>Nach nur einem knappen halben Jahr der Vorbereitung und Planung leistet die MS Sea-Watch seit dem 20. Juni 2015 Fl\u00fcchtlingsbooten vor der K\u00fcste Libyens Ersthilfe und f\u00fchrt Rettungsma\u00dfnahmen im Rahmen ihrer M\u00f6glichkeiten durch, zudem fordert und forciert sie die Rettung durch die zust\u00e4ndigen Institutionen.<\/p>\n<p>URL: <a href=\"http:\/\/sea-watch.org\/\">http:\/\/sea-watch.org\/<\/a><\/p>\n<p><strong><em>Fluchthelfer.in<\/em><\/strong><\/p>\n<p>Auf www.fluchthelfer.in wird erkl\u00e4rt, warum aus Sicht der website-Betreiber*innen Fluchthilfe nach wie vor legitim ist, warum sie daher auffordern \u201ewerde Fluchthelfer.in\u201c und welche rechtlichen Konsequenzen dies haben kann.<\/p>\n<p>URL: <a href=\"http:\/\/www.fluchthelfer.in\/\">http:\/\/www.fluchthelfer.in\/<\/a><\/p>\n<p><strong><em>Zentrum f\u00fcr politische Sch\u00f6nheit<\/em><\/strong><\/p>\n<p>Das Zentrum f\u00fcr Politische Sch\u00f6nheit (ZPS) ist ein Zusammenschluss von etwa 70 Aktionsk\u00fcnstler*innen und Kreativen. Die Mitglieder definieren ihre Verbindung als eine Denkfabrik, die Menschenrechte mit Aktionskunst verbinden soll. Ziel sei es, durch k\u00fcnstlerische Interventionen (\u201eBewusstmachung\u201c) auf humanit\u00e4re Themen und den Schutz von Menschenleben aufmerksam zu machen.<\/p>\n<p>URL: <a href=\"http:\/\/www.politicalbeauty.de\/\">http:\/\/www.politicalbeauty.de<\/a><\/p>\n<hr \/>\n<p><strong>\u00dcberregional agierende Initiativen in Deutschland<\/strong><\/p>\n<p><strong><em>Amadeu Antonio Stiftung<\/em><\/strong><\/p>\n<p>Seit ihrer Gr\u00fcndung 1998 ist es das Ziel der Amadeu Antonio Stiftung, eine demokratische Zivilgesellschaft zu st\u00e4rken, die sich konsequent gegen Rechtsextremismus, Rassismus und Antisemitismus wendet. Dabei ist es der Stiftung ein wichtiges Anliegen, gleicherma\u00dfen gegen Antisemitismus und Rassismus zu arbeiten.<\/p>\n<p>URL: <a href=\"https:\/\/www.amadeu-antonio-stiftung.de\/\">https:\/\/www.amadeu-antonio-stiftung.de\/<\/a><\/p>\n<p><strong><em>Fl\u00fcchtlinge willkommen<\/em><\/strong><\/p>\n<p>WG Zimmer f\u00fcr Gefl\u00fcchtete: \u201eIhr findet den Umgang mit gefl\u00fcchteten Menschen in Deutschland nicht gut und wollt selbst aktiv werden? Ihr habt Lust, einem gefl\u00fcchteten Menschen das Ankommen in Deutschland zu erleichtern? In eurer WG oder Wohnung ist ein Zimmer frei?\u201c<\/p>\n<p>URL: <a href=\"http:\/\/www.fluechtlinge-willkommen.de\/\">http:\/\/www.fluechtlinge-willkommen.de\/<\/a><\/p>\n<p><strong><em>Pro Asyl<\/em><\/strong><\/p>\n<p>Pro Asyl ist eine unabh\u00e4ngige deutsche Menschenrechtsorganisation, die sich f\u00fcr den Schutz und die Rechte verfolgter Menschen in Deutschland und Europa einsetzt. Neben \u00d6ffentlichkeits- und politischer Lobbyarbeit, Recherchen und der Unterst\u00fctzung bundesweiter Initiativgruppen will der Verein Fl\u00fcchtlinge in ihren Asylverfahren begleiten und konkrete Einzelfallhilfe leisten.<\/p>\n<p>URL: <a href=\"http:\/\/www.proasyl.de\/\">http:\/\/www.proasyl.de\/<\/a><\/p>\n<p><strong><em>Wie kann ich helfen<\/em><\/strong><\/p>\n<p>\u201eWie kann ich helfen\u201c ist ein privater Blog, entstanden aus dem Wunsch, Informationen und Links zu Projekten f\u00fcr Fl\u00fcchtlinge in Deutschland zu b\u00fcndeln, um interessierten Helfer*innen die M\u00f6glichkeit zu geben, die f\u00fcr ihren Ort und ihre M\u00f6glichkeiten passende Hilfsidee zu finden.<\/p>\n<p>URL: <a href=\"http:\/\/wie-kann-ich-helfen.info\/\">http:\/\/wie-kann-ich-helfen.info\/<\/a><\/p>\n<hr \/>\n<p><strong>Regionale Initiativen in Deutschland<\/strong><\/p>\n<p><strong><em>Fl\u00fcchtlingsrat Berlin<\/em><\/strong><\/p>\n<p>Im Fl\u00fcchtlingsrat arbeiten seit 1981 Organisationen, Beratungsstellen, Fl\u00fcchtlingsselbsthilfegruppen, Initiativen und Einzelpersonen mit. Sie setzen sich f\u00fcr die Verbesserung der Lebensbedingungen von Fl\u00fcchtlingen und die Wahrung ihrer Menschenw\u00fcrde ein. Die Verteidigung des individuellen Anspruchs auf Asyl, der Abbau staatlicher Diskriminierungen und die St\u00e4rkung antirassistischer Arbeit sind dabei wesentliche Ziele.<\/p>\n<p>URL: <a href=\"http:\/\/www.fluechtlingsrat-berlin.de\/mitarbeit.php\">http:\/\/www.fluechtlingsrat-berlin.de\/mitarbeit.php<\/a><\/p>\n<p><strong><em>\u201eMentorinnen und Mentoren f\u00fcr Fl\u00fcchtlingsfamilien\u201c (K\u00f6ln)<\/em><\/strong><\/p>\n<p>Das Kooperationsprojekt des K\u00f6lner Fl\u00fcchtlingsrat e.V. und der K\u00f6lner Freiwilligen Agentur e.V. unterst\u00fctzt neu nach K\u00f6ln zugewiesene Fl\u00fcchtlingsfamilien durch freiwillige Mentorenschaften. Kontakte auf Augenh\u00f6he sollen Neuank\u00f6mmlinge bei der Orientierung unterst\u00fctzen und eine Willkommenskultur in der Stadt f\u00f6rdern. In der Begegnung \u00fcbernehmen die Mentor*innen eine Mittlerrolle beim Kennenlernen der Infrastruktur und bieten Unterst\u00fctzung z.B. bei der Suche nach Rechtsberatung, Sprachkurs, Sportangebot, Kindergartenplatz oder bei der Schulanmeldung.<\/p>\n<p>URL: <a href=\"http:\/\/koelner-fluechtlingsrat.de\/neu\/index.php#30\">http:\/\/koelner-fluechtlingsrat.de\/neu\/index.php#30<\/a><\/p>\n<p><strong><em>Freifunker<\/em><\/strong><\/p>\n<p>Menschen, die in Asylbewerberheimen leben, haben keinen Zugang zum Internet. Dieses ist aber notwendig, wenn es darum geht, relevante Informationen zu erhalten, im Kontakt mit der Heimat zu bleiben oder sich in einem neuen Land zu orientieren. Die Freifunker arbeiten daran, Asylbewerberheime mit WLAN auszustatten.<\/p>\n<p>URL: <a href=\"http:\/\/freifunk.net\/blog\/2015\/01\/lieber-fuer-menschen-als-gegen-irgendwas\/\">http:\/\/freifunk.net\/blog\/2015\/01\/lieber-fuer-menschen-als-gegen-irgendwas\/<\/a><\/p>\n<hr \/>\n<p><strong>\u2026.und im Netz<\/strong><\/p>\n<p><strong><em>Campact: Appell gegen Hass und Gewalt<\/em><\/strong><\/p>\n<p>\u201eMenschen suchen bei uns Schutz vor Krieg, Not und Vertreibung. Rechtsextreme empfangen sie mit Gewalt, Brandstiftung und Terror \u2013 und der braune Mob applaudiert. Die Stimmung im Land droht sich gegen Fl\u00fcchtlinge zu wenden. Das d\u00fcrfen wir nicht zulassen.\u201c<\/p>\n<p>URL: <a href=\"https:\/\/www.campact.de\/fluechtlinge\/appell\/teilnehmen\">https:\/\/www.campact.de\/fluechtlinge\/appell\/teilnehmen<\/a><\/p>\n<p><strong><em>Facebook: Heidenau ist bunt<\/em><\/strong><\/p>\n<p>Diese Seite soll dazu dienen um auf die Rassisten aufmerksam zu machen die in Heidenau gegen ein Erstaufnahmelager im ehemaligen Praktiker mobil machen.<\/p>\n<p>URL: <a href=\"https:\/\/www.facebook.com\/pages\/Heidenau-ist-bunt\/1523076914600412?fref=ts\">https:\/\/www.facebook.com\/pages\/Heidenau-ist-bunt\/1523076914600412?fref=ts<\/a><\/p>\n<p><strong><em>Facebook: So geht das<\/em><\/strong><\/p>\n<p>\u00dcbersicht \u00fcber Aktionen f\u00fcr Gefl\u00fcchtete<\/p>\n<p>URL: <a href=\"https:\/\/www.facebook.com\/nursogehtdas?fref=ts\">https:\/\/www.facebook.com\/nursogehtdas?fref=ts<\/a><\/p>\n","protected":false},"excerpt":{"rendered":"<p>Seit 2012 steigen die Angriffe auf Asylbewerber*innen immer weiter an und verdoppeln bis verdreifachen sich j\u00e4hrlich. Rassistische Demonstrationen finden beinahe w\u00f6chentlich statt. Das mediale Bild&hellip;<\/p>\n","protected":false},"author":1,"featured_media":0,"comment_status":"open","ping_status":"open","sticky":false,"template":"","format":"standard","meta":[],"categories":[20],"tags":[8,9],"_links":{"self":[{"href":"https:\/\/www.friedenspsychologie.de\/index.php?rest_route=\/wp\/v2\/posts\/238"}],"collection":[{"href":"https:\/\/www.friedenspsychologie.de\/index.php?rest_route=\/wp\/v2\/posts"}],"about":[{"href":"https:\/\/www.friedenspsychologie.de\/index.php?rest_route=\/wp\/v2\/types\/post"}],"author":[{"embeddable":true,"href":"https:\/\/www.friedenspsychologie.de\/index.php?rest_route=\/wp\/v2\/users\/1"}],"replies":[{"embeddable":true,"href":"https:\/\/www.friedenspsychologie.de\/index.php?rest_route=%2Fwp%2Fv2%2Fcomments&post=238"}],"version-history":[{"count":1,"href":"https:\/\/www.friedenspsychologie.de\/index.php?rest_route=\/wp\/v2\/posts\/238\/revisions"}],"predecessor-version":[{"id":239,"href":"https:\/\/www.friedenspsychologie.de\/index.php?rest_route=\/wp\/v2\/posts\/238\/revisions\/239"}],"wp:attachment":[{"href":"https:\/\/www.friedenspsychologie.de\/index.php?rest_route=%2Fwp%2Fv2%2Fmedia&parent=238"}],"wp:term":[{"taxonomy":"category","embeddable":true,"href":"https:\/\/www.friedenspsychologie.de\/index.php?rest_route=%2Fwp%2Fv2%2Fcategories&post=238"},{"taxonomy":"post_tag","embeddable":true,"href":"https:\/\/www.friedenspsychologie.de\/index.php?rest_route=%2Fwp%2Fv2%2Ftags&post=238"}],"curies":[{"name":"wp","href":"https:\/\/api.w.org\/{rel}","templated":true}]}}