{"id":1607,"date":"2026-01-20T18:43:54","date_gmt":"2026-01-20T18:43:54","guid":{"rendered":"https:\/\/www.friedenspsychologie.de\/?p=1607"},"modified":"2026-01-20T18:46:47","modified_gmt":"2026-01-20T18:46:47","slug":"nachruf-dr-jost-stellmacher","status":"publish","type":"post","link":"https:\/\/www.friedenspsychologie.de\/?p=1607","title":{"rendered":"Nachruf Dr. Jost Stellmacher"},"content":{"rendered":"<p>Mit gro\u00dfer Trauer nehmen wir Abschied von unserem ehemaligen Vorstandsmitglied, langj\u00e4hrigen Mitglied, Kollegen und Freund Dr. Jost Stellmacher.<\/p>\n<p><span dir=\"ltr\" role=\"presentation\">Josts Engagement f\u00fcr die Friedens- und Konfliktforschung war getragen von einer tiefen<\/span><br role=\"presentation\" \/><span dir=\"ltr\" role=\"presentation\">gesellschaftlichen Verantwortung. Ihm ging es nicht allein um Erkenntnis, sondern um Wirkung:<\/span><br role=\"presentation\" \/><span dir=\"ltr\" role=\"presentation\">um die Frage, wie Gewalt verhindert, Menschenrechte gesch\u00fctzt und demokratische Haltungen<\/span><br role=\"presentation\" \/><span dir=\"ltr\" role=\"presentation\">gest\u00e4rkt werden k\u00f6nnen. Diese Haltung pr\u00e4gte auch seine langj\u00e4hrige Mitarbeit im Forum<\/span><br role=\"presentation\" \/><span dir=\"ltr\" role=\"presentation\">Friedenspsychologie, dem er nicht nur fachlich, sondern vor allem menschlich viel gegeben hat. In<\/span><br role=\"presentation\" \/><span dir=\"ltr\" role=\"presentation\">seiner Zeit im Vorstand wirkte er verbindend, verl\u00e4sslich und stets am gemeinsamen Anliegen<\/span><br role=\"presentation\" \/><span dir=\"ltr\" role=\"presentation\">orientiert.<\/span><br role=\"presentation\" \/><span dir=\"ltr\" role=\"presentation\">Viele erlebten Jost als jemanden, der Strukturen mitgestaltete, ohne sich in den Vordergrund zu<\/span><br role=\"presentation\" \/><span dir=\"ltr\" role=\"presentation\">stellen, der Diskussionen \u00f6ffnete und zugleich R\u00e4ume des Vertrauens schuf. Er war ein Kollege, der<\/span><br role=\"presentation\" \/><span dir=\"ltr\" role=\"presentation\">Verantwortung \u00fcbernahm, und ein Mensch, der ansprechbar blieb \u2013 aufmerksam, respektvoll und<\/span><br role=\"presentation\" \/><span dir=\"ltr\" role=\"presentation\">zugewandt.<\/span><br role=\"presentation\" \/><span dir=\"ltr\" role=\"presentation\">Wir verlieren mit Jost Stellmacher nicht nur ein engagiertes Mitglied unseres Forums, sondern<\/span><br role=\"presentation\" \/><span dir=\"ltr\" role=\"presentation\">einen Menschen, dessen Haltung von Achtung, Klarheit und Mitmenschlichkeit gepr\u00e4gt war. Diese<\/span><br role=\"presentation\" \/><span dir=\"ltr\" role=\"presentation\">Haltung wird uns im Forum Friedenspsychologie Verpflichtung bleiben.<\/span><\/p>\n<p><br role=\"presentation\" \/><span dir=\"ltr\" role=\"presentation\">Wir werden ihn in dankbarer Erinnerung behalten.<br \/>\n<\/span><\/p>\n<p>Monika Lauer Perez (im Namen des Vorstandes)<\/p>\n<hr \/>\n<p>*23.3.1967 <b>\u2020<\/b>30.12.2025<\/p>\n<p>Von 2007 bis 2016 war Jost Stellmacher Teil des Vorstands des Forums.<\/p>\n","protected":false},"excerpt":{"rendered":"<p>Mit gro\u00dfer Trauer nehmen wir Abschied von unserem ehemaligen Vorstandsmitglied, langj\u00e4hrigen Mitglied, Kollegen und Freund Dr. Jost Stellmacher. Josts Engagement f\u00fcr die Friedens- und Konfliktforschung&hellip;<\/p>\n","protected":false},"author":136,"featured_media":0,"comment_status":"closed","ping_status":"open","sticky":false,"template":"","format":"standard","meta":[],"categories":[1],"tags":[],"_links":{"self":[{"href":"https:\/\/www.friedenspsychologie.de\/index.php?rest_route=\/wp\/v2\/posts\/1607"}],"collection":[{"href":"https:\/\/www.friedenspsychologie.de\/index.php?rest_route=\/wp\/v2\/posts"}],"about":[{"href":"https:\/\/www.friedenspsychologie.de\/index.php?rest_route=\/wp\/v2\/types\/post"}],"author":[{"embeddable":true,"href":"https:\/\/www.friedenspsychologie.de\/index.php?rest_route=\/wp\/v2\/users\/136"}],"replies":[{"embeddable":true,"href":"https:\/\/www.friedenspsychologie.de\/index.php?rest_route=%2Fwp%2Fv2%2Fcomments&post=1607"}],"version-history":[{"count":1,"href":"https:\/\/www.friedenspsychologie.de\/index.php?rest_route=\/wp\/v2\/posts\/1607\/revisions"}],"predecessor-version":[{"id":1609,"href":"https:\/\/www.friedenspsychologie.de\/index.php?rest_route=\/wp\/v2\/posts\/1607\/revisions\/1609"}],"wp:attachment":[{"href":"https:\/\/www.friedenspsychologie.de\/index.php?rest_route=%2Fwp%2Fv2%2Fmedia&parent=1607"}],"wp:term":[{"taxonomy":"category","embeddable":true,"href":"https:\/\/www.friedenspsychologie.de\/index.php?rest_route=%2Fwp%2Fv2%2Fcategories&post=1607"},{"taxonomy":"post_tag","embeddable":true,"href":"https:\/\/www.friedenspsychologie.de\/index.php?rest_route=%2Fwp%2Fv2%2Ftags&post=1607"}],"curies":[{"name":"wp","href":"https:\/\/api.w.org\/{rel}","templated":true}]}}