{"id":1358,"date":"2024-01-09T21:54:01","date_gmt":"2024-01-09T21:54:01","guid":{"rendered":"https:\/\/www.friedenspsychologie.de\/?p=1358"},"modified":"2024-01-09T21:55:22","modified_gmt":"2024-01-09T21:55:22","slug":"herzlichen-dank-an-die-ehemaligen-mitglieder-des-vorstands","status":"publish","type":"post","link":"https:\/\/www.friedenspsychologie.de\/?p=1358","title":{"rendered":"Herzlichen Dank an die ehemaligen Mitglieder des Vorstands"},"content":{"rendered":"<p style=\"text-align: left;\">Hiermit m\u00f6chten wir unsere Dankbarkeit f\u00fcr die Zeit und Unterst\u00fctzung von Vica Tomberge und Klaus Harnack im Vorstand und ihr Engagement im Forum Friedenspsychologie e.V. in der\u00a0letzten Legislaturperiode zum Ausdruck bringen.<\/p>\n<p style=\"text-align: left;\">Wir w\u00fcnschen Ihnen alles Gute f\u00fcr die Zukunft!<\/p>\n<p style=\"text-align: left;\"><img loading=\"lazy\" class=\"wp-image-1360 alignleft\" src=\"https:\/\/www.friedenspsychologie.de\/wp-content\/uploads\/2024\/01\/Vica_Tomberge.jpg\" alt=\"\" width=\"185\" height=\"185\" srcset=\"https:\/\/www.friedenspsychologie.de\/wp-content\/uploads\/2024\/01\/Vica_Tomberge.jpg 350w, https:\/\/www.friedenspsychologie.de\/wp-content\/uploads\/2024\/01\/Vica_Tomberge-300x300.jpg 300w, https:\/\/www.friedenspsychologie.de\/wp-content\/uploads\/2024\/01\/Vica_Tomberge-150x150.jpg 150w\" sizes=\"(max-width: 185px) 100vw, 185px\" \/><\/p>\n<p style=\"text-align: left;\"><img loading=\"lazy\" class=\"wp-image-1359 alignleft\" src=\"https:\/\/www.friedenspsychologie.de\/wp-content\/uploads\/2024\/01\/fittosize_430_287_16fba56f73501d6c1202f73ca3ae1c0a__img1322.jpeg\" alt=\"\" width=\"275\" height=\"183\" srcset=\"https:\/\/www.friedenspsychologie.de\/wp-content\/uploads\/2024\/01\/fittosize_430_287_16fba56f73501d6c1202f73ca3ae1c0a__img1322.jpeg 430w, https:\/\/www.friedenspsychologie.de\/wp-content\/uploads\/2024\/01\/fittosize_430_287_16fba56f73501d6c1202f73ca3ae1c0a__img1322-300x200.jpeg 300w\" sizes=\"(max-width: 275px) 100vw, 275px\" \/><\/p>\n<p style=\"text-align: left;\">\n","protected":false},"excerpt":{"rendered":"<p>Hiermit m\u00f6chten wir unsere Dankbarkeit f\u00fcr die Zeit und Unterst\u00fctzung von Vica Tomberge und Klaus Harnack im Vorstand und ihr Engagement im Forum Friedenspsychologie e.V.&hellip;<\/p>\n","protected":false},"author":56,"featured_media":0,"comment_status":"closed","ping_status":"open","sticky":false,"template":"","format":"standard","meta":[],"categories":[20,1,17],"tags":[],"_links":{"self":[{"href":"https:\/\/www.friedenspsychologie.de\/index.php?rest_route=\/wp\/v2\/posts\/1358"}],"collection":[{"href":"https:\/\/www.friedenspsychologie.de\/index.php?rest_route=\/wp\/v2\/posts"}],"about":[{"href":"https:\/\/www.friedenspsychologie.de\/index.php?rest_route=\/wp\/v2\/types\/post"}],"author":[{"embeddable":true,"href":"https:\/\/www.friedenspsychologie.de\/index.php?rest_route=\/wp\/v2\/users\/56"}],"replies":[{"embeddable":true,"href":"https:\/\/www.friedenspsychologie.de\/index.php?rest_route=%2Fwp%2Fv2%2Fcomments&post=1358"}],"version-history":[{"count":3,"href":"https:\/\/www.friedenspsychologie.de\/index.php?rest_route=\/wp\/v2\/posts\/1358\/revisions"}],"predecessor-version":[{"id":1363,"href":"https:\/\/www.friedenspsychologie.de\/index.php?rest_route=\/wp\/v2\/posts\/1358\/revisions\/1363"}],"wp:attachment":[{"href":"https:\/\/www.friedenspsychologie.de\/index.php?rest_route=%2Fwp%2Fv2%2Fmedia&parent=1358"}],"wp:term":[{"taxonomy":"category","embeddable":true,"href":"https:\/\/www.friedenspsychologie.de\/index.php?rest_route=%2Fwp%2Fv2%2Fcategories&post=1358"},{"taxonomy":"post_tag","embeddable":true,"href":"https:\/\/www.friedenspsychologie.de\/index.php?rest_route=%2Fwp%2Fv2%2Ftags&post=1358"}],"curies":[{"name":"wp","href":"https:\/\/api.w.org\/{rel}","templated":true}]}}